{"id":2535,"date":"2018-09-02T08:39:31","date_gmt":"2018-09-02T06:39:31","guid":{"rendered":"https:\/\/traube-post.it\/hotelblog\/?p=2535"},"modified":"2019-06-28T15:53:27","modified_gmt":"2019-06-28T13:53:27","slug":"almabtrieb-im-vinschgau-tradition-am-reschenpass","status":"publish","type":"post","link":"https:\/\/traube-post.it\/hotelblog\/almabtrieb-im-vinschgau-tradition-am-reschenpass\/","title":{"rendered":"ALMABTRIEB IM VINSCHGAU \u2013 TRADITION AM RESCHENPASS"},"content":{"rendered":"\n<p> Jedes Jahr im Herbst, wenn der&nbsp;<strong>Almsommer<\/strong>&nbsp;sich dem Ende neigt, werden die&nbsp;<strong>geschm\u00fcckten Viehherden<\/strong>&nbsp;von der Alm wieder zur\u00fcck ins Tal gef\u00fchrt. F\u00fcr die Bauern geh\u00f6rt&nbsp;diese&nbsp;<strong>traditionelle Veranstaltung<\/strong>&nbsp;zu den wichtigsten Tagen im Jahr. Auch die Dorfbewohner und alle Interessierten warten gespannt auf die heimkehrenden Tiere. <\/p>\n\n\n\n<h2>DER RESCHNER ALMABTRIEB 2018<\/h2>\n\n\n\n<p>Urspr\u00fcnglich war der Gedanke des Almabtriebes, ein&nbsp;<strong>Dankesfest<\/strong>&nbsp;zu veranstalten, um mit Bauern, Senner und Hirten die gesunde&nbsp;<strong>R\u00fcckkehr der Tiere<\/strong>&nbsp;zu feiern. Die besten und st\u00e4rksten Tiere tragen auch heute noch den auff\u00e4lligsten Kopfschmuck und die K\u00fche&nbsp;dahinter tragen Kr\u00e4nze aus Tannenzweigen, Blumen und handgemachten Stickereien.<\/p>\n\n\n\n<p>Immer&nbsp;<strong>Anfang September<\/strong>, wenn der Herbst mit seinen bunten Bl\u00e4ttern ins Land zieht, wird es f\u00fcr die Tiere Zeit, von der Alm wieder zur\u00fcck ins Tal zu kehren. Die warme Jahreszeit und das Weiden auf den saftigen,&nbsp;<strong>weiten Almwiesen<\/strong>&nbsp;ist vorbei und die R\u00fcckkehr der Viehherden wird nach uraltem Brauchtum gefeiert. Der Almabtrieb, oder auch \u201cSchafschoad\u201d genannt, wird heuer am<em>&nbsp;11. September in Reschen<\/em>&nbsp;gefeiert. Die m\u00e4nnlichen Einwohner vom Reschen begr\u00fc\u00dfen die Herden mit ihren traditionellem \u201cGoa\u00dfla\u201d-Knallen.<\/p>\n\n\n\n<p>Der&nbsp;<strong>Almabtrieb am Reschenpass<\/strong>&nbsp;ist auf jeden Fall ein Erlebnis f\u00fcr die ganze Familie und jeder, der seinen&nbsp;<a href=\"..\/..\/sommer\/wanderhotel\/wandern-im-vinschgau.html\" target=\"_blank\" rel=\"noreferrer noopener\"><strong>Aktivurlaub im Vinschgau<\/strong>&nbsp;<\/a>verbringt, sollte sich dieses einmalige Erlebnis keines Falls entgehen lassen. Das&nbsp;<strong>vielf\u00e4ltige Rahmenprogramm<\/strong>&nbsp;reicht von musikalischer Unterhaltung bis hin zu&nbsp;<strong>kulinarischen K\u00f6stlichkeiten<\/strong>&nbsp;aus dem Vinschgau: S\u00fc\u00dfe Krapfen und&nbsp;<strong>anderen traditionellen Spezialit\u00e4ten<\/strong>.<\/p>\n","protected":false},"excerpt":{"rendered":"<p>Jedes Jahr im Herbst, wenn der&nbsp;Almsommer&nbsp;sich dem Ende neigt, werden die&nbsp;geschm\u00fcckten Viehherden&nbsp;von der Alm wieder zur\u00fcck ins Tal gef\u00fchrt. F\u00fcr die Bauern geh\u00f6rt&nbsp;diese&nbsp;traditionelle Veranstaltung&nbsp;zu den wichtigsten Tagen im Jahr. Auch die Dorfbewohner und alle Interessierten warten gespannt auf die heimkehrenden Tiere. DER RESCHNER ALMABTRIEB 2018 Urspr\u00fcnglich war der Gedanke des Almabtriebes, ein&nbsp;Dankesfest&nbsp;zu veranstalten, um mit Bauern, Senner und Hirten die gesunde&nbsp;R\u00fcckkehr der Tiere&nbsp;zu feiern. Die besten und st\u00e4rksten Tiere tragen auch heute noch den auff\u00e4lligsten Kopfschmuck und die K\u00fche&nbsp;dahinter tragen Kr\u00e4nze aus Tannenzweigen, Blumen und handgemachten Stickereien. Immer&nbsp;Anfang September, wenn der Herbst mit seinen bunten Bl\u00e4ttern ins Land zieht, wird es f\u00fcr die Tiere Zeit, von der Alm wieder zur\u00fcck ins Tal zu kehren. Die warme Jahreszeit und das Weiden auf den saftigen,&nbsp;weiten Almwiesen&nbsp;ist vorbei und die R\u00fcckkehr der Viehherden wird nach uraltem Brauchtum gefeiert. Der Almabtrieb, oder auch \u201cSchafschoad\u201d genannt, wird heuer am&nbsp;11. September in Reschen&nbsp;gefeiert. Die m\u00e4nnlichen Einwohner vom Reschen begr\u00fc\u00dfen die Herden mit ihren traditionellem \u201cGoa\u00dfla\u201d-Knallen. Der&nbsp;Almabtrieb am Reschenpass&nbsp;ist auf jeden Fall ein Erlebnis f\u00fcr die ganze Familie und jeder, der seinen&nbsp;Aktivurlaub im Vinschgau&nbsp;verbringt, sollte sich dieses einmalige Erlebnis keines Falls entgehen lassen. Das&nbsp;vielf\u00e4ltige Rahmenprogramm&nbsp;reicht von musikalischer Unterhaltung bis hin zu&nbsp;kulinarischen K\u00f6stlichkeiten&nbsp;aus dem Vinschgau: S\u00fc\u00dfe Krapfen und&nbsp;anderen [&hellip;]<\/p>\n","protected":false},"author":1,"featured_media":2536,"comment_status":"open","ping_status":"open","sticky":false,"template":"","format":"standard","meta":[],"categories":[276,283],"tags":[315,303],"yoast_head":"<!-- This site is optimized with the Yoast SEO plugin v19.4 - https:\/\/yoast.com\/wordpress\/plugins\/seo\/ -->\n<title>ALMABTRIEB IM VINSCHGAU \u2013 TRADITION AM RESCHENPASS - Aktiv und Wellnesshotel *\u2009*\u2009*\u2009* Traube Post am Reschenpass<\/title>\n<meta name=\"robots\" content=\"index, follow, max-snippet:-1, max-image-preview:large, max-video-preview:-1\" \/>\n<link rel=\"canonical\" href=\"https:\/\/traube-post.it\/hotelblog\/almabtrieb-im-vinschgau-tradition-am-reschenpass\/\" \/>\n<meta property=\"og:locale\" content=\"de_DE\" \/>\n<meta property=\"og:type\" content=\"article\" \/>\n<meta property=\"og:title\" content=\"ALMABTRIEB IM VINSCHGAU \u2013 TRADITION AM RESCHENPASS - Aktiv und Wellnesshotel *\u2009*\u2009*\u2009* Traube Post am Reschenpass\" \/>\n<meta property=\"og:description\" content=\"Jedes Jahr im Herbst, wenn der&nbsp;Almsommer&nbsp;sich dem Ende neigt, werden die&nbsp;geschm\u00fcckten Viehherden&nbsp;von der Alm wieder zur\u00fcck ins Tal gef\u00fchrt. F\u00fcr die Bauern geh\u00f6rt&nbsp;diese&nbsp;traditionelle Veranstaltung&nbsp;zu den wichtigsten Tagen im Jahr. Auch die Dorfbewohner und alle Interessierten warten gespannt auf die heimkehrenden Tiere. DER RESCHNER ALMABTRIEB 2018 Urspr\u00fcnglich war der Gedanke des Almabtriebes, ein&nbsp;Dankesfest&nbsp;zu veranstalten, um mit Bauern, Senner und Hirten die gesunde&nbsp;R\u00fcckkehr der Tiere&nbsp;zu feiern. Die besten und st\u00e4rksten Tiere tragen auch heute noch den auff\u00e4lligsten Kopfschmuck und die K\u00fche&nbsp;dahinter tragen Kr\u00e4nze aus Tannenzweigen, Blumen und handgemachten Stickereien. Immer&nbsp;Anfang September, wenn der Herbst mit seinen bunten Bl\u00e4ttern ins Land zieht, wird es f\u00fcr die Tiere Zeit, von der Alm wieder zur\u00fcck ins Tal zu kehren. Die warme Jahreszeit und das Weiden auf den saftigen,&nbsp;weiten Almwiesen&nbsp;ist vorbei und die R\u00fcckkehr der Viehherden wird nach uraltem Brauchtum gefeiert. Der Almabtrieb, oder auch \u201cSchafschoad\u201d genannt, wird heuer am&nbsp;11. September in Reschen&nbsp;gefeiert. Die m\u00e4nnlichen Einwohner vom Reschen begr\u00fc\u00dfen die Herden mit ihren traditionellem \u201cGoa\u00dfla\u201d-Knallen. Der&nbsp;Almabtrieb am Reschenpass&nbsp;ist auf jeden Fall ein Erlebnis f\u00fcr die ganze Familie und jeder, der seinen&nbsp;Aktivurlaub im Vinschgau&nbsp;verbringt, sollte sich dieses einmalige Erlebnis keines Falls entgehen lassen. Das&nbsp;vielf\u00e4ltige Rahmenprogramm&nbsp;reicht von musikalischer Unterhaltung bis hin zu&nbsp;kulinarischen K\u00f6stlichkeiten&nbsp;aus dem Vinschgau: S\u00fc\u00dfe Krapfen und&nbsp;anderen [&hellip;]\" \/>\n<meta property=\"og:url\" content=\"https:\/\/traube-post.it\/hotelblog\/almabtrieb-im-vinschgau-tradition-am-reschenpass\/\" \/>\n<meta property=\"og:site_name\" content=\"Aktiv und Wellnesshotel *\u2009*\u2009*\u2009* Traube Post am Reschenpass\" \/>\n<meta property=\"article:published_time\" content=\"2018-09-02T06:39:31+00:00\" \/>\n<meta property=\"article:modified_time\" content=\"2019-06-28T13:53:27+00:00\" \/>\n<meta property=\"og:image\" content=\"https:\/\/traube-post.it\/hotelblog\/wp-content\/uploads\/2019\/06\/AdobeStock_89876372-1-1024x683.jpeg\" \/>\n\t<meta property=\"og:image:width\" content=\"1024\" \/>\n\t<meta property=\"og:image:height\" content=\"683\" \/>\n\t<meta property=\"og:image:type\" content=\"image\/jpeg\" \/>\n<meta name=\"author\" content=\"opc\" \/>\n<meta name=\"twitter:card\" content=\"summary_large_image\" \/>\n<meta name=\"twitter:label1\" content=\"Verfasst von\" \/>\n\t<meta name=\"twitter:data1\" content=\"opc\" \/>\n\t<meta name=\"twitter:label2\" content=\"Gesch\u00e4tzte Lesezeit\" \/>\n\t<meta name=\"twitter:data2\" content=\"1\u00a0Minute\" \/>\n<script type=\"application\/ld+json\" class=\"yoast-schema-graph\">{\"@context\":\"https:\/\/schema.org\",\"@graph\":[{\"@type\":\"WebSite\",\"@id\":\"https:\/\/traube-post.it\/hotelblog\/#website\",\"url\":\"https:\/\/traube-post.it\/hotelblog\/\",\"name\":\"Aktiv und Wellnesshotel *\u2009*\u2009*\u2009* Traube Post am Reschenpass\",\"description\":\"Ferien im Vinschgau S\u00fcdtirol Tipps f\u00fcr den Perfekten Traumurlaub in den Bergen\",\"potentialAction\":[{\"@type\":\"SearchAction\",\"target\":{\"@type\":\"EntryPoint\",\"urlTemplate\":\"https:\/\/traube-post.it\/hotelblog\/?s={search_term_string}\"},\"query-input\":\"required name=search_term_string\"}],\"inLanguage\":\"de\"},{\"@type\":\"WebPage\",\"@id\":\"https:\/\/traube-post.it\/hotelblog\/almabtrieb-im-vinschgau-tradition-am-reschenpass\/\",\"url\":\"https:\/\/traube-post.it\/hotelblog\/almabtrieb-im-vinschgau-tradition-am-reschenpass\/\",\"name\":\"ALMABTRIEB IM VINSCHGAU \u2013 TRADITION AM RESCHENPASS - Aktiv und Wellnesshotel *\u2009*\u2009*\u2009* Traube Post am Reschenpass\",\"isPartOf\":{\"@id\":\"https:\/\/traube-post.it\/hotelblog\/#website\"},\"datePublished\":\"2018-09-02T06:39:31+00:00\",\"dateModified\":\"2019-06-28T13:53:27+00:00\",\"author\":{\"@id\":\"https:\/\/traube-post.it\/hotelblog\/#\/schema\/person\/67efcc7dbcf3cb7213097d7e5e1fb89d\"},\"breadcrumb\":{\"@id\":\"https:\/\/traube-post.it\/hotelblog\/almabtrieb-im-vinschgau-tradition-am-reschenpass\/#breadcrumb\"},\"inLanguage\":\"de\",\"potentialAction\":[{\"@type\":\"ReadAction\",\"target\":[\"https:\/\/traube-post.it\/hotelblog\/almabtrieb-im-vinschgau-tradition-am-reschenpass\/\"]}]},{\"@type\":\"BreadcrumbList\",\"@id\":\"https:\/\/traube-post.it\/hotelblog\/almabtrieb-im-vinschgau-tradition-am-reschenpass\/#breadcrumb\",\"itemListElement\":[{\"@type\":\"ListItem\",\"position\":1,\"name\":\"Startseite\",\"item\":\"https:\/\/traube-post.it\/hotelblog\/\"},{\"@type\":\"ListItem\",\"position\":2,\"name\":\"ALMABTRIEB IM VINSCHGAU \u2013 TRADITION AM RESCHENPASS\"}]},{\"@type\":\"Person\",\"@id\":\"https:\/\/traube-post.it\/hotelblog\/#\/schema\/person\/67efcc7dbcf3cb7213097d7e5e1fb89d\",\"name\":\"opc\",\"image\":{\"@type\":\"ImageObject\",\"inLanguage\":\"de\",\"@id\":\"https:\/\/traube-post.it\/hotelblog\/#\/schema\/person\/image\/\",\"url\":\"https:\/\/secure.gravatar.com\/avatar\/b5cd31a395d25fe23bd4044d20ef024c?s=96&d=mm&r=g\",\"contentUrl\":\"https:\/\/secure.gravatar.com\/avatar\/b5cd31a395d25fe23bd4044d20ef024c?s=96&d=mm&r=g\",\"caption\":\"opc\"},\"url\":\"https:\/\/traube-post.it\/hotelblog\/author\/opc\/\"}]}<\/script>\n<!-- \/ Yoast SEO plugin. -->","yoast_head_json":{"title":"ALMABTRIEB IM VINSCHGAU \u2013 TRADITION AM RESCHENPASS - Aktiv und Wellnesshotel *\u2009*\u2009*\u2009* Traube Post am Reschenpass","robots":{"index":"index","follow":"follow","max-snippet":"max-snippet:-1","max-image-preview":"max-image-preview:large","max-video-preview":"max-video-preview:-1"},"canonical":"https:\/\/traube-post.it\/hotelblog\/almabtrieb-im-vinschgau-tradition-am-reschenpass\/","og_locale":"de_DE","og_type":"article","og_title":"ALMABTRIEB IM VINSCHGAU \u2013 TRADITION AM RESCHENPASS - Aktiv und Wellnesshotel *\u2009*\u2009*\u2009* Traube Post am Reschenpass","og_description":"Jedes Jahr im Herbst, wenn der&nbsp;Almsommer&nbsp;sich dem Ende neigt, werden die&nbsp;geschm\u00fcckten Viehherden&nbsp;von der Alm wieder zur\u00fcck ins Tal gef\u00fchrt. F\u00fcr die Bauern geh\u00f6rt&nbsp;diese&nbsp;traditionelle Veranstaltung&nbsp;zu den wichtigsten Tagen im Jahr. Auch die Dorfbewohner und alle Interessierten warten gespannt auf die heimkehrenden Tiere. DER RESCHNER ALMABTRIEB 2018 Urspr\u00fcnglich war der Gedanke des Almabtriebes, ein&nbsp;Dankesfest&nbsp;zu veranstalten, um mit Bauern, Senner und Hirten die gesunde&nbsp;R\u00fcckkehr der Tiere&nbsp;zu feiern. Die besten und st\u00e4rksten Tiere tragen auch heute noch den auff\u00e4lligsten Kopfschmuck und die K\u00fche&nbsp;dahinter tragen Kr\u00e4nze aus Tannenzweigen, Blumen und handgemachten Stickereien. Immer&nbsp;Anfang September, wenn der Herbst mit seinen bunten Bl\u00e4ttern ins Land zieht, wird es f\u00fcr die Tiere Zeit, von der Alm wieder zur\u00fcck ins Tal zu kehren. Die warme Jahreszeit und das Weiden auf den saftigen,&nbsp;weiten Almwiesen&nbsp;ist vorbei und die R\u00fcckkehr der Viehherden wird nach uraltem Brauchtum gefeiert. Der Almabtrieb, oder auch \u201cSchafschoad\u201d genannt, wird heuer am&nbsp;11. September in Reschen&nbsp;gefeiert. Die m\u00e4nnlichen Einwohner vom Reschen begr\u00fc\u00dfen die Herden mit ihren traditionellem \u201cGoa\u00dfla\u201d-Knallen. Der&nbsp;Almabtrieb am Reschenpass&nbsp;ist auf jeden Fall ein Erlebnis f\u00fcr die ganze Familie und jeder, der seinen&nbsp;Aktivurlaub im Vinschgau&nbsp;verbringt, sollte sich dieses einmalige Erlebnis keines Falls entgehen lassen. Das&nbsp;vielf\u00e4ltige Rahmenprogramm&nbsp;reicht von musikalischer Unterhaltung bis hin zu&nbsp;kulinarischen K\u00f6stlichkeiten&nbsp;aus dem Vinschgau: S\u00fc\u00dfe Krapfen und&nbsp;anderen [&hellip;]","og_url":"https:\/\/traube-post.it\/hotelblog\/almabtrieb-im-vinschgau-tradition-am-reschenpass\/","og_site_name":"Aktiv und Wellnesshotel *\u2009*\u2009*\u2009* Traube Post am Reschenpass","article_published_time":"2018-09-02T06:39:31+00:00","article_modified_time":"2019-06-28T13:53:27+00:00","og_image":[{"width":1024,"height":683,"url":"https:\/\/traube-post.it\/hotelblog\/wp-content\/uploads\/2019\/06\/AdobeStock_89876372-1-1024x683.jpeg","type":"image\/jpeg"}],"author":"opc","twitter_card":"summary_large_image","twitter_misc":{"Verfasst von":"opc","Gesch\u00e4tzte Lesezeit":"1\u00a0Minute"},"schema":{"@context":"https:\/\/schema.org","@graph":[{"@type":"WebSite","@id":"https:\/\/traube-post.it\/hotelblog\/#website","url":"https:\/\/traube-post.it\/hotelblog\/","name":"Aktiv und Wellnesshotel *\u2009*\u2009*\u2009* Traube Post am Reschenpass","description":"Ferien im Vinschgau S\u00fcdtirol Tipps f\u00fcr den Perfekten Traumurlaub in den Bergen","potentialAction":[{"@type":"SearchAction","target":{"@type":"EntryPoint","urlTemplate":"https:\/\/traube-post.it\/hotelblog\/?s={search_term_string}"},"query-input":"required name=search_term_string"}],"inLanguage":"de"},{"@type":"WebPage","@id":"https:\/\/traube-post.it\/hotelblog\/almabtrieb-im-vinschgau-tradition-am-reschenpass\/","url":"https:\/\/traube-post.it\/hotelblog\/almabtrieb-im-vinschgau-tradition-am-reschenpass\/","name":"ALMABTRIEB IM VINSCHGAU \u2013 TRADITION AM RESCHENPASS - Aktiv und Wellnesshotel *\u2009*\u2009*\u2009* Traube Post am Reschenpass","isPartOf":{"@id":"https:\/\/traube-post.it\/hotelblog\/#website"},"datePublished":"2018-09-02T06:39:31+00:00","dateModified":"2019-06-28T13:53:27+00:00","author":{"@id":"https:\/\/traube-post.it\/hotelblog\/#\/schema\/person\/67efcc7dbcf3cb7213097d7e5e1fb89d"},"breadcrumb":{"@id":"https:\/\/traube-post.it\/hotelblog\/almabtrieb-im-vinschgau-tradition-am-reschenpass\/#breadcrumb"},"inLanguage":"de","potentialAction":[{"@type":"ReadAction","target":["https:\/\/traube-post.it\/hotelblog\/almabtrieb-im-vinschgau-tradition-am-reschenpass\/"]}]},{"@type":"BreadcrumbList","@id":"https:\/\/traube-post.it\/hotelblog\/almabtrieb-im-vinschgau-tradition-am-reschenpass\/#breadcrumb","itemListElement":[{"@type":"ListItem","position":1,"name":"Startseite","item":"https:\/\/traube-post.it\/hotelblog\/"},{"@type":"ListItem","position":2,"name":"ALMABTRIEB IM VINSCHGAU \u2013 TRADITION AM RESCHENPASS"}]},{"@type":"Person","@id":"https:\/\/traube-post.it\/hotelblog\/#\/schema\/person\/67efcc7dbcf3cb7213097d7e5e1fb89d","name":"opc","image":{"@type":"ImageObject","inLanguage":"de","@id":"https:\/\/traube-post.it\/hotelblog\/#\/schema\/person\/image\/","url":"https:\/\/secure.gravatar.com\/avatar\/b5cd31a395d25fe23bd4044d20ef024c?s=96&d=mm&r=g","contentUrl":"https:\/\/secure.gravatar.com\/avatar\/b5cd31a395d25fe23bd4044d20ef024c?s=96&d=mm&r=g","caption":"opc"},"url":"https:\/\/traube-post.it\/hotelblog\/author\/opc\/"}]}},"cc_featured_image_caption":{"caption_text":"Bildquelle \u00a9 mmphoto -stock.adobe.com","source_text":"","source_url":"https:\/\/stock.adobe.com"},"_links":{"self":[{"href":"https:\/\/traube-post.it\/hotelblog\/wp-json\/wp\/v2\/posts\/2535"}],"collection":[{"href":"https:\/\/traube-post.it\/hotelblog\/wp-json\/wp\/v2\/posts"}],"about":[{"href":"https:\/\/traube-post.it\/hotelblog\/wp-json\/wp\/v2\/types\/post"}],"author":[{"embeddable":true,"href":"https:\/\/traube-post.it\/hotelblog\/wp-json\/wp\/v2\/users\/1"}],"replies":[{"embeddable":true,"href":"https:\/\/traube-post.it\/hotelblog\/wp-json\/wp\/v2\/comments?post=2535"}],"version-history":[{"count":3,"href":"https:\/\/traube-post.it\/hotelblog\/wp-json\/wp\/v2\/posts\/2535\/revisions"}],"predecessor-version":[{"id":2549,"href":"https:\/\/traube-post.it\/hotelblog\/wp-json\/wp\/v2\/posts\/2535\/revisions\/2549"}],"wp:featuredmedia":[{"embeddable":true,"href":"https:\/\/traube-post.it\/hotelblog\/wp-json\/wp\/v2\/media\/2536"}],"wp:attachment":[{"href":"https:\/\/traube-post.it\/hotelblog\/wp-json\/wp\/v2\/media?parent=2535"}],"wp:term":[{"taxonomy":"category","embeddable":true,"href":"https:\/\/traube-post.it\/hotelblog\/wp-json\/wp\/v2\/categories?post=2535"},{"taxonomy":"post_tag","embeddable":true,"href":"https:\/\/traube-post.it\/hotelblog\/wp-json\/wp\/v2\/tags?post=2535"}],"curies":[{"name":"wp","href":"https:\/\/api.w.org\/{rel}","templated":true}]}}