{"id":2553,"date":"2019-07-09T11:33:14","date_gmt":"2019-07-09T09:33:14","guid":{"rendered":"https:\/\/traube-post.it\/hotelblog\/?p=2553"},"modified":"2019-07-15T16:09:22","modified_gmt":"2019-07-15T14:09:22","slug":"mehr-als-nur-sport-20-jahre-reschenseelauf","status":"publish","type":"post","link":"https:\/\/traube-post.it\/hotelblog\/mehr-als-nur-sport-20-jahre-reschenseelauf\/","title":{"rendered":"MEHR ALS NUR SPORT &#8211; 20 JAHRE RESCHENSEELAUF"},"content":{"rendered":"\n<p><strong>Wann: 13.07.2019<\/strong><br><strong>Wo: Reschensee, Graun im Vinschgau<\/strong><\/p>\n\n\n\n<p>Der sechs Kilometer lange Reschensee und somit auch der gr\u00f6\u00dfte See S\u00fcdtirols, ist das <strong>Wahrzeichen des Reschenpasses <\/strong>am Dreil\u00e4ndereck. Neben tollen Wanderungen und Fahrradtouren, dient der See als beliebtes<strong> Ausflugsziel f\u00fcr Familien und Urlauber<\/strong>.&nbsp;<\/p>\n\n\n\n<p>Seit 20 Jahren dient dieser See auch als Austragungsort f\u00fcr den beliebten Reschenseelauf und zieht <strong>L\u00e4ufer aus ganz S\u00fcdtirol<\/strong> und \u00fcber die Grenzen hinaus an. Abgesehen von den L\u00e4ufern und dem sportlichen Aspekt, hat sich der Reschenseelauf mittlerweile auch zu einem Fest f\u00fcr das Oberland und das gesamte Tal entwickelt. Zus\u00e4tzlich zu den Athleten str\u00f6men j\u00e4hrlich auch tausende Angeh\u00f6rige und Freunde der L\u00e4ufer an den geschichtstr\u00e4chtigen See und genie\u00dfen zusammen das Event, dass von tollen Bands und k\u00f6stlichen Mahlzeiten begleitet wird.&nbsp;<\/p>\n\n\n\n<p>Au\u00dferdem k\u00f6nne kleine L\u00e4ufer beim <strong>Bambini-Lauf <\/strong>an den Start gehen, bei dem die Streckenl\u00e4nge je nach Jahrgang variiert. F\u00fcr weniger sportliche aber motivierte L\u00e4ufer bietet sich der<strong> Just-for-Fun-Lauf <\/strong>an, bei dem die Teilnehmer den Reschenseelauf ohne Zeitnahme und Wertung einfach nur \u201eaus Spa\u00df\u201c mitlaufen k\u00f6nnen.<\/p>\n\n\n\n<p>Das erste mal ausgetragen wurde der Reschenseelauf im Jahr 1999, damals noch mit einer etwas sp\u00e4rlichen Teilnehmerzahl von etwas \u00fcber 150 Athleten. Die Zahl der Teilnehmer stieg von Jahr zu Jahr an und auch Nordic Walker, Handbiker und Prominente gingen an den Start. F\u00fcr den heurigen Lauf stehe bereits \u00fcber 4000 gemeldete Teilnehmer, darunter auch in diesem Jahr wieder einige namhafte Top-Athleten aus dem In- und Ausland.<br><br><strong>Die spektakul\u00e4re Strecke<\/strong><br>Auch heuer findet das spektakul\u00e4re Event wieder statt. Anl\u00e4sslich der <strong>20. Ausgabe<\/strong> am 13. Juli 2019, findet der Wettbewerb als <strong>Night-Run<\/strong> statt! Die Rennstrecke bleibt dabei dieselbe.&nbsp;<br><br>Es gilt, 90 H\u00f6henmeter auf 15, 3 Kilometer rund um den See zu \u00fcberwinden und ist auf jeden Fall ein besonderes Erlebnis f\u00fcr all jene, die das Laufen in besonderen Naturlandschaften lieben. Der <strong>Startschuss f\u00fcr den Lauf <\/strong>f\u00e4llt heuer um 21.30 Uhr in Graun in der N\u00e4he des historischen Kirchturms im See. Von dort aus wird der See im Uhrzeigersinn umrundet. Relativ flach geht es bis zur Staumauer und von dort aus f\u00fchrt die Strecke die n\u00e4chsten 4 km, im leichten Auf und Ab und auf Asphaltbelag, st\u00e4ndig entlang des malerischen Seeufers. Die letzten 200 m werden die L\u00e4ufer, in gewohnt gro\u00dfartiger Stimmung, von tausenden Zuschauern erwartet und ins Ziel bis nach Graun begleitet.<br>W\u00e4hrend des Laufes ist f\u00fcr Verpflegung und Erfrischung bestens gesorgt.&nbsp;<\/p>\n\n\n\n<p><strong>Das Rahmenprogramm<\/strong><br><strong>Samstag, 13.07.2019<\/strong><\/p>\n\n\n\n<ul><li>Von 10.00 \u2013 20.00 Uhr: Startnummernausgabe<\/li><li>ab 10.00 Uhr: Bauernmarkt und Verkaufsst\u00e4nde<\/li><li>ab 10.00 Uhr: Kinderprogramm<\/li><li>ab 11.00 Uhr: Kulinarische K\u00f6stlichkeiten im Festzelt<\/li><li>um 17.00 Uhr: Start der Handbiker<\/li><li>ab 17.05 Uhr: Start Nordic Walking<\/li><li>ab 17.15 Uhr: Start des Kinderlaufs<\/li><li>ab 19.00 Uhr: Pr\u00e4mierung Kinderlauf&nbsp;&nbsp;&nbsp;&nbsp;&nbsp;&nbsp;&nbsp;&nbsp;&nbsp;&nbsp;&nbsp;&nbsp;&nbsp;&nbsp;&nbsp;&nbsp;&nbsp;&nbsp;&nbsp;&nbsp;&nbsp;&nbsp;&nbsp;&nbsp;&nbsp;&nbsp;&nbsp;&nbsp;&nbsp;<\/li><li>Von 20.00&nbsp; \u2013 00.30 Uhr: Kleiderdepot<\/li><li>Um 21.30 Start Hauptlauf &amp; Just for Fun<\/li><li>ab 22.00 Uhr: Party mit Dj Sginzo \u2013 Dj Pattex<\/li><li>ca 22.20 Uhr: Erster Zieleinlauf mit \u00dcberraschung<\/li><li>24.00&nbsp; Gro\u00dfes Feuerwerk und Jubil\u00e4umsfeier<\/li><\/ul>\n\n\n\n<p><a href=\"https:\/\/traube-post.it\/hotelblog\/?p=2560&amp;preview_id=2560&amp;preview_nonce=f0ce2e18a6&amp;preview=true&amp;_thumbnail_id=2566\">Informationen zu den Siegern und Highlight folgen.<\/a><\/p>\n","protected":false},"excerpt":{"rendered":"<p>Wann: 13.07.2019Wo: Reschensee, Graun im Vinschgau Der sechs Kilometer lange Reschensee und somit auch der gr\u00f6\u00dfte See S\u00fcdtirols, ist das Wahrzeichen des Reschenpasses am Dreil\u00e4ndereck. Neben tollen Wanderungen und Fahrradtouren, dient der See als beliebtes Ausflugsziel f\u00fcr Familien und Urlauber.&nbsp; Seit 20 Jahren dient dieser See auch als Austragungsort f\u00fcr den beliebten Reschenseelauf und zieht L\u00e4ufer aus ganz S\u00fcdtirol und \u00fcber die Grenzen hinaus an. Abgesehen von den L\u00e4ufern und dem sportlichen Aspekt, hat sich der Reschenseelauf mittlerweile auch zu einem Fest f\u00fcr das Oberland und das gesamte Tal entwickelt. Zus\u00e4tzlich zu den Athleten str\u00f6men j\u00e4hrlich auch tausende Angeh\u00f6rige und Freunde der L\u00e4ufer an den geschichtstr\u00e4chtigen See und genie\u00dfen zusammen das Event, dass von tollen Bands und k\u00f6stlichen Mahlzeiten begleitet wird.&nbsp; Au\u00dferdem k\u00f6nne kleine L\u00e4ufer beim Bambini-Lauf an den Start gehen, bei dem die Streckenl\u00e4nge je nach Jahrgang variiert. F\u00fcr weniger sportliche aber motivierte L\u00e4ufer bietet sich der Just-for-Fun-Lauf an, bei dem die Teilnehmer den Reschenseelauf ohne Zeitnahme und Wertung einfach nur \u201eaus Spa\u00df\u201c mitlaufen k\u00f6nnen. Das erste mal ausgetragen wurde der Reschenseelauf im Jahr 1999, damals noch mit einer etwas sp\u00e4rlichen Teilnehmerzahl von etwas \u00fcber 150 Athleten. Die Zahl der Teilnehmer stieg von Jahr zu Jahr an und auch [&hellip;]<\/p>\n","protected":false},"author":12,"featured_media":2557,"comment_status":"open","ping_status":"open","sticky":false,"template":"","format":"standard","meta":[],"categories":[274,1,275,283],"tags":[],"yoast_head":"<!-- This site is optimized with the Yoast SEO plugin v19.4 - https:\/\/yoast.com\/wordpress\/plugins\/seo\/ -->\n<title>MEHR ALS NUR SPORT - 20 JAHRE RESCHENSEELAUF - Aktiv und Wellnesshotel *\u2009*\u2009*\u2009* Traube Post am Reschenpass<\/title>\n<meta name=\"robots\" content=\"index, follow, max-snippet:-1, max-image-preview:large, max-video-preview:-1\" \/>\n<link rel=\"canonical\" href=\"https:\/\/traube-post.it\/hotelblog\/mehr-als-nur-sport-20-jahre-reschenseelauf\/\" \/>\n<meta property=\"og:locale\" content=\"de_DE\" \/>\n<meta property=\"og:type\" content=\"article\" \/>\n<meta property=\"og:title\" content=\"MEHR ALS NUR SPORT - 20 JAHRE RESCHENSEELAUF - Aktiv und Wellnesshotel *\u2009*\u2009*\u2009* Traube Post am Reschenpass\" \/>\n<meta property=\"og:description\" content=\"Wann: 13.07.2019Wo: Reschensee, Graun im Vinschgau Der sechs Kilometer lange Reschensee und somit auch der gr\u00f6\u00dfte See S\u00fcdtirols, ist das Wahrzeichen des Reschenpasses am Dreil\u00e4ndereck. Neben tollen Wanderungen und Fahrradtouren, dient der See als beliebtes Ausflugsziel f\u00fcr Familien und Urlauber.&nbsp; Seit 20 Jahren dient dieser See auch als Austragungsort f\u00fcr den beliebten Reschenseelauf und zieht L\u00e4ufer aus ganz S\u00fcdtirol und \u00fcber die Grenzen hinaus an. Abgesehen von den L\u00e4ufern und dem sportlichen Aspekt, hat sich der Reschenseelauf mittlerweile auch zu einem Fest f\u00fcr das Oberland und das gesamte Tal entwickelt. Zus\u00e4tzlich zu den Athleten str\u00f6men j\u00e4hrlich auch tausende Angeh\u00f6rige und Freunde der L\u00e4ufer an den geschichtstr\u00e4chtigen See und genie\u00dfen zusammen das Event, dass von tollen Bands und k\u00f6stlichen Mahlzeiten begleitet wird.&nbsp; Au\u00dferdem k\u00f6nne kleine L\u00e4ufer beim Bambini-Lauf an den Start gehen, bei dem die Streckenl\u00e4nge je nach Jahrgang variiert. F\u00fcr weniger sportliche aber motivierte L\u00e4ufer bietet sich der Just-for-Fun-Lauf an, bei dem die Teilnehmer den Reschenseelauf ohne Zeitnahme und Wertung einfach nur \u201eaus Spa\u00df\u201c mitlaufen k\u00f6nnen. Das erste mal ausgetragen wurde der Reschenseelauf im Jahr 1999, damals noch mit einer etwas sp\u00e4rlichen Teilnehmerzahl von etwas \u00fcber 150 Athleten. Die Zahl der Teilnehmer stieg von Jahr zu Jahr an und auch [&hellip;]\" \/>\n<meta property=\"og:url\" content=\"https:\/\/traube-post.it\/hotelblog\/mehr-als-nur-sport-20-jahre-reschenseelauf\/\" \/>\n<meta property=\"og:site_name\" content=\"Aktiv und Wellnesshotel *\u2009*\u2009*\u2009* Traube Post am Reschenpass\" \/>\n<meta property=\"article:published_time\" content=\"2019-07-09T09:33:14+00:00\" \/>\n<meta property=\"article:modified_time\" content=\"2019-07-15T14:09:22+00:00\" \/>\n<meta property=\"og:image\" content=\"https:\/\/traube-post.it\/hotelblog\/wp-content\/uploads\/2019\/07\/27vin16_R2A4794_8-1024x683.jpg\" \/>\n\t<meta property=\"og:image:width\" content=\"1024\" \/>\n\t<meta property=\"og:image:height\" content=\"683\" \/>\n\t<meta property=\"og:image:type\" content=\"image\/jpeg\" \/>\n<meta name=\"author\" content=\"Katja Ebner\" \/>\n<meta name=\"twitter:card\" content=\"summary_large_image\" \/>\n<meta name=\"twitter:label1\" content=\"Verfasst von\" \/>\n\t<meta name=\"twitter:data1\" content=\"Katja Ebner\" \/>\n\t<meta name=\"twitter:label2\" content=\"Gesch\u00e4tzte Lesezeit\" \/>\n\t<meta name=\"twitter:data2\" content=\"3\u00a0Minuten\" \/>\n<script type=\"application\/ld+json\" class=\"yoast-schema-graph\">{\"@context\":\"https:\/\/schema.org\",\"@graph\":[{\"@type\":\"WebSite\",\"@id\":\"https:\/\/traube-post.it\/hotelblog\/#website\",\"url\":\"https:\/\/traube-post.it\/hotelblog\/\",\"name\":\"Aktiv und Wellnesshotel *\u2009*\u2009*\u2009* Traube Post am Reschenpass\",\"description\":\"Ferien im Vinschgau S\u00fcdtirol Tipps f\u00fcr den Perfekten Traumurlaub in den Bergen\",\"potentialAction\":[{\"@type\":\"SearchAction\",\"target\":{\"@type\":\"EntryPoint\",\"urlTemplate\":\"https:\/\/traube-post.it\/hotelblog\/?s={search_term_string}\"},\"query-input\":\"required name=search_term_string\"}],\"inLanguage\":\"de\"},{\"@type\":\"WebPage\",\"@id\":\"https:\/\/traube-post.it\/hotelblog\/mehr-als-nur-sport-20-jahre-reschenseelauf\/\",\"url\":\"https:\/\/traube-post.it\/hotelblog\/mehr-als-nur-sport-20-jahre-reschenseelauf\/\",\"name\":\"MEHR ALS NUR SPORT - 20 JAHRE RESCHENSEELAUF - Aktiv und Wellnesshotel *\u2009*\u2009*\u2009* Traube Post am Reschenpass\",\"isPartOf\":{\"@id\":\"https:\/\/traube-post.it\/hotelblog\/#website\"},\"datePublished\":\"2019-07-09T09:33:14+00:00\",\"dateModified\":\"2019-07-15T14:09:22+00:00\",\"author\":{\"@id\":\"https:\/\/traube-post.it\/hotelblog\/#\/schema\/person\/7ecad2c1348157bbcaa002ff934398fe\"},\"breadcrumb\":{\"@id\":\"https:\/\/traube-post.it\/hotelblog\/mehr-als-nur-sport-20-jahre-reschenseelauf\/#breadcrumb\"},\"inLanguage\":\"de\",\"potentialAction\":[{\"@type\":\"ReadAction\",\"target\":[\"https:\/\/traube-post.it\/hotelblog\/mehr-als-nur-sport-20-jahre-reschenseelauf\/\"]}]},{\"@type\":\"BreadcrumbList\",\"@id\":\"https:\/\/traube-post.it\/hotelblog\/mehr-als-nur-sport-20-jahre-reschenseelauf\/#breadcrumb\",\"itemListElement\":[{\"@type\":\"ListItem\",\"position\":1,\"name\":\"Startseite\",\"item\":\"https:\/\/traube-post.it\/hotelblog\/\"},{\"@type\":\"ListItem\",\"position\":2,\"name\":\"MEHR ALS NUR SPORT &#8211; 20 JAHRE RESCHENSEELAUF\"}]},{\"@type\":\"Person\",\"@id\":\"https:\/\/traube-post.it\/hotelblog\/#\/schema\/person\/7ecad2c1348157bbcaa002ff934398fe\",\"name\":\"Katja Ebner\",\"image\":{\"@type\":\"ImageObject\",\"inLanguage\":\"de\",\"@id\":\"https:\/\/traube-post.it\/hotelblog\/#\/schema\/person\/image\/\",\"url\":\"https:\/\/secure.gravatar.com\/avatar\/2142e7f5aa80225d9513275f2d852735?s=96&d=mm&r=g\",\"contentUrl\":\"https:\/\/secure.gravatar.com\/avatar\/2142e7f5aa80225d9513275f2d852735?s=96&d=mm&r=g\",\"caption\":\"Katja Ebner\"},\"url\":\"https:\/\/traube-post.it\/hotelblog\/author\/katja\/\"}]}<\/script>\n<!-- \/ Yoast SEO plugin. -->","yoast_head_json":{"title":"MEHR ALS NUR SPORT - 20 JAHRE RESCHENSEELAUF - Aktiv und Wellnesshotel *\u2009*\u2009*\u2009* Traube Post am Reschenpass","robots":{"index":"index","follow":"follow","max-snippet":"max-snippet:-1","max-image-preview":"max-image-preview:large","max-video-preview":"max-video-preview:-1"},"canonical":"https:\/\/traube-post.it\/hotelblog\/mehr-als-nur-sport-20-jahre-reschenseelauf\/","og_locale":"de_DE","og_type":"article","og_title":"MEHR ALS NUR SPORT - 20 JAHRE RESCHENSEELAUF - Aktiv und Wellnesshotel *\u2009*\u2009*\u2009* Traube Post am Reschenpass","og_description":"Wann: 13.07.2019Wo: Reschensee, Graun im Vinschgau Der sechs Kilometer lange Reschensee und somit auch der gr\u00f6\u00dfte See S\u00fcdtirols, ist das Wahrzeichen des Reschenpasses am Dreil\u00e4ndereck. Neben tollen Wanderungen und Fahrradtouren, dient der See als beliebtes Ausflugsziel f\u00fcr Familien und Urlauber.&nbsp; Seit 20 Jahren dient dieser See auch als Austragungsort f\u00fcr den beliebten Reschenseelauf und zieht L\u00e4ufer aus ganz S\u00fcdtirol und \u00fcber die Grenzen hinaus an. Abgesehen von den L\u00e4ufern und dem sportlichen Aspekt, hat sich der Reschenseelauf mittlerweile auch zu einem Fest f\u00fcr das Oberland und das gesamte Tal entwickelt. Zus\u00e4tzlich zu den Athleten str\u00f6men j\u00e4hrlich auch tausende Angeh\u00f6rige und Freunde der L\u00e4ufer an den geschichtstr\u00e4chtigen See und genie\u00dfen zusammen das Event, dass von tollen Bands und k\u00f6stlichen Mahlzeiten begleitet wird.&nbsp; Au\u00dferdem k\u00f6nne kleine L\u00e4ufer beim Bambini-Lauf an den Start gehen, bei dem die Streckenl\u00e4nge je nach Jahrgang variiert. F\u00fcr weniger sportliche aber motivierte L\u00e4ufer bietet sich der Just-for-Fun-Lauf an, bei dem die Teilnehmer den Reschenseelauf ohne Zeitnahme und Wertung einfach nur \u201eaus Spa\u00df\u201c mitlaufen k\u00f6nnen. Das erste mal ausgetragen wurde der Reschenseelauf im Jahr 1999, damals noch mit einer etwas sp\u00e4rlichen Teilnehmerzahl von etwas \u00fcber 150 Athleten. Die Zahl der Teilnehmer stieg von Jahr zu Jahr an und auch [&hellip;]","og_url":"https:\/\/traube-post.it\/hotelblog\/mehr-als-nur-sport-20-jahre-reschenseelauf\/","og_site_name":"Aktiv und Wellnesshotel *\u2009*\u2009*\u2009* Traube Post am Reschenpass","article_published_time":"2019-07-09T09:33:14+00:00","article_modified_time":"2019-07-15T14:09:22+00:00","og_image":[{"width":1024,"height":683,"url":"https:\/\/traube-post.it\/hotelblog\/wp-content\/uploads\/2019\/07\/27vin16_R2A4794_8-1024x683.jpg","type":"image\/jpeg"}],"author":"Katja Ebner","twitter_card":"summary_large_image","twitter_misc":{"Verfasst von":"Katja Ebner","Gesch\u00e4tzte Lesezeit":"3\u00a0Minuten"},"schema":{"@context":"https:\/\/schema.org","@graph":[{"@type":"WebSite","@id":"https:\/\/traube-post.it\/hotelblog\/#website","url":"https:\/\/traube-post.it\/hotelblog\/","name":"Aktiv und Wellnesshotel *\u2009*\u2009*\u2009* Traube Post am Reschenpass","description":"Ferien im Vinschgau S\u00fcdtirol Tipps f\u00fcr den Perfekten Traumurlaub in den Bergen","potentialAction":[{"@type":"SearchAction","target":{"@type":"EntryPoint","urlTemplate":"https:\/\/traube-post.it\/hotelblog\/?s={search_term_string}"},"query-input":"required name=search_term_string"}],"inLanguage":"de"},{"@type":"WebPage","@id":"https:\/\/traube-post.it\/hotelblog\/mehr-als-nur-sport-20-jahre-reschenseelauf\/","url":"https:\/\/traube-post.it\/hotelblog\/mehr-als-nur-sport-20-jahre-reschenseelauf\/","name":"MEHR ALS NUR SPORT - 20 JAHRE RESCHENSEELAUF - Aktiv und Wellnesshotel *\u2009*\u2009*\u2009* Traube Post am Reschenpass","isPartOf":{"@id":"https:\/\/traube-post.it\/hotelblog\/#website"},"datePublished":"2019-07-09T09:33:14+00:00","dateModified":"2019-07-15T14:09:22+00:00","author":{"@id":"https:\/\/traube-post.it\/hotelblog\/#\/schema\/person\/7ecad2c1348157bbcaa002ff934398fe"},"breadcrumb":{"@id":"https:\/\/traube-post.it\/hotelblog\/mehr-als-nur-sport-20-jahre-reschenseelauf\/#breadcrumb"},"inLanguage":"de","potentialAction":[{"@type":"ReadAction","target":["https:\/\/traube-post.it\/hotelblog\/mehr-als-nur-sport-20-jahre-reschenseelauf\/"]}]},{"@type":"BreadcrumbList","@id":"https:\/\/traube-post.it\/hotelblog\/mehr-als-nur-sport-20-jahre-reschenseelauf\/#breadcrumb","itemListElement":[{"@type":"ListItem","position":1,"name":"Startseite","item":"https:\/\/traube-post.it\/hotelblog\/"},{"@type":"ListItem","position":2,"name":"MEHR ALS NUR SPORT &#8211; 20 JAHRE RESCHENSEELAUF"}]},{"@type":"Person","@id":"https:\/\/traube-post.it\/hotelblog\/#\/schema\/person\/7ecad2c1348157bbcaa002ff934398fe","name":"Katja Ebner","image":{"@type":"ImageObject","inLanguage":"de","@id":"https:\/\/traube-post.it\/hotelblog\/#\/schema\/person\/image\/","url":"https:\/\/secure.gravatar.com\/avatar\/2142e7f5aa80225d9513275f2d852735?s=96&d=mm&r=g","contentUrl":"https:\/\/secure.gravatar.com\/avatar\/2142e7f5aa80225d9513275f2d852735?s=96&d=mm&r=g","caption":"Katja Ebner"},"url":"https:\/\/traube-post.it\/hotelblog\/author\/katja\/"}]}},"cc_featured_image_caption":{"caption_text":"","source_text":"","source_url":""},"_links":{"self":[{"href":"https:\/\/traube-post.it\/hotelblog\/wp-json\/wp\/v2\/posts\/2553"}],"collection":[{"href":"https:\/\/traube-post.it\/hotelblog\/wp-json\/wp\/v2\/posts"}],"about":[{"href":"https:\/\/traube-post.it\/hotelblog\/wp-json\/wp\/v2\/types\/post"}],"author":[{"embeddable":true,"href":"https:\/\/traube-post.it\/hotelblog\/wp-json\/wp\/v2\/users\/12"}],"replies":[{"embeddable":true,"href":"https:\/\/traube-post.it\/hotelblog\/wp-json\/wp\/v2\/comments?post=2553"}],"version-history":[{"count":3,"href":"https:\/\/traube-post.it\/hotelblog\/wp-json\/wp\/v2\/posts\/2553\/revisions"}],"predecessor-version":[{"id":2559,"href":"https:\/\/traube-post.it\/hotelblog\/wp-json\/wp\/v2\/posts\/2553\/revisions\/2559"}],"wp:featuredmedia":[{"embeddable":true,"href":"https:\/\/traube-post.it\/hotelblog\/wp-json\/wp\/v2\/media\/2557"}],"wp:attachment":[{"href":"https:\/\/traube-post.it\/hotelblog\/wp-json\/wp\/v2\/media?parent=2553"}],"wp:term":[{"taxonomy":"category","embeddable":true,"href":"https:\/\/traube-post.it\/hotelblog\/wp-json\/wp\/v2\/categories?post=2553"},{"taxonomy":"post_tag","embeddable":true,"href":"https:\/\/traube-post.it\/hotelblog\/wp-json\/wp\/v2\/tags?post=2553"}],"curies":[{"name":"wp","href":"https:\/\/api.w.org\/{rel}","templated":true}]}}